{"id":59,"date":"2024-08-15T08:48:00","date_gmt":"2024-08-15T08:48:00","guid":{"rendered":"https:\/\/ayto5.accesia.info\/?p=59"},"modified":"2024-10-24T11:51:47","modified_gmt":"2024-10-24T11:51:47","slug":"guardamar-de-la-safor-estrena-nova-web-amb-suport-de-la-diputacio-de-valencia","status":"publish","type":"post","link":"https:\/\/guardamardelasafor.org\/es\/guardamar-de-la-safor-estrena-nova-web-amb-suport-de-la-diputacio-de-valencia\/","title":{"rendered":"Guardamar de la Safor estrena nueva web con apoyo de la Diputaci\u00f3n de Valencia"},"content":{"rendered":"<p><strong>Guardamar de la Safor<\/strong> ha lanzado su nueva p\u00e1gina web, iniciativa que ha sido posible gracias a una subvenci\u00f3n de la Diputaci\u00f3n de Valencia. Esta nueva plataforma no s\u00f3lo moderniza la presencia digital del municipio, sino que tambi\u00e9n incorpora <strong>funcionalidades de accesibilidad web<\/strong>, garantizando que todos los ciudadanos, incluidos aquellos con discapacidades, puedan navegar con facilidad.<\/p>\n<p>La nueva web presenta un <strong>dise\u00f1o intuitivo y adaptado a las necesidades de todos los usuarios<\/strong>, con el objetivo de mejorar la experiencia de acceso a la informaci\u00f3n municipal. Asimismo, la plataforma permite a la ciudadan\u00eda estar al d\u00eda de las noticias, actividades y servicios disponibles en Guardamar de la Safor.<\/p>\n<p>El consistorio destac\u00f3 la importancia de esta iniciativa para fomentar la transparencia y la participaci\u00f3n ciudadana, reafirmando su compromiso con un municipio m\u00e1s accesible y conectado.<\/p>\n\n<!-- wp:themify-builder\/canvas \/-->\n\n<!--themify_builder_static--><!--\/themify_builder_static-->","protected":false},"excerpt":{"rendered":"<p>Guardamar de la Safor ha llan\u00e7at la seva nova p\u00e0gina web, una iniciativa que ha estat possible gr\u00e0cies a una subvenci\u00f3 de la Diputaci\u00f3 de Val\u00e8ncia. Aquesta nova plataforma no nom\u00e9s modernitza la pres\u00e8ncia digital del municipi, sin\u00f3 que tamb\u00e9 incorpora funcionalitats de accessibilitat web, garantint que tots els ciutadans, incloent-hi aquells amb discapacitats, puguen [&hellip;]<\/p>\n","protected":false},"author":1,"featured_media":251,"comment_status":"closed","ping_status":"closed","sticky":false,"template":"","format":"standard","meta":{"footnotes":""},"categories":[1],"tags":[],"class_list":["post-59","post","type-post","status-publish","format-standard","has-post-thumbnail","hentry","category-noticias","has-post-title","has-post-date","has-post-category","has-post-tag","has-post-comment","has-post-author",""],"builder_content":"","_links":{"self":[{"href":"https:\/\/guardamardelasafor.org\/es\/wp-json\/wp\/v2\/posts\/59","targetHints":{"allow":["GET"]}}],"collection":[{"href":"https:\/\/guardamardelasafor.org\/es\/wp-json\/wp\/v2\/posts"}],"about":[{"href":"https:\/\/guardamardelasafor.org\/es\/wp-json\/wp\/v2\/types\/post"}],"author":[{"embeddable":true,"href":"https:\/\/guardamardelasafor.org\/es\/wp-json\/wp\/v2\/users\/1"}],"replies":[{"embeddable":true,"href":"https:\/\/guardamardelasafor.org\/es\/wp-json\/wp\/v2\/comments?post=59"}],"version-history":[{"count":14,"href":"https:\/\/guardamardelasafor.org\/es\/wp-json\/wp\/v2\/posts\/59\/revisions"}],"predecessor-version":[{"id":1079,"href":"https:\/\/guardamardelasafor.org\/es\/wp-json\/wp\/v2\/posts\/59\/revisions\/1079"}],"wp:featuredmedia":[{"embeddable":true,"href":"https:\/\/guardamardelasafor.org\/es\/wp-json\/wp\/v2\/media\/251"}],"wp:attachment":[{"href":"https:\/\/guardamardelasafor.org\/es\/wp-json\/wp\/v2\/media?parent=59"}],"wp:term":[{"taxonomy":"category","embeddable":true,"href":"https:\/\/guardamardelasafor.org\/es\/wp-json\/wp\/v2\/categories?post=59"},{"taxonomy":"post_tag","embeddable":true,"href":"https:\/\/guardamardelasafor.org\/es\/wp-json\/wp\/v2\/tags?post=59"}],"curies":[{"name":"wp","href":"https:\/\/api.w.org\/{rel}","templated":true}]}}